{"id":20623,"date":"2026-03-27T15:54:49","date_gmt":"2026-03-27T14:54:49","guid":{"rendered":"https:\/\/www.vivreplushollister.com\/stomie\/?p=20623"},"modified":"2026-03-27T15:54:49","modified_gmt":"2026-03-27T14:54:49","slug":"journee-mondiale-de-lendometriose-le-temoignage-de-gwendolyne","status":"publish","type":"post","link":"https:\/\/www.vivreplushollister.com\/stomie\/journee-mondiale-de-lendometriose-le-temoignage-de-gwendolyne\/","title":{"rendered":"Journ\u00e9e mondiale de l&rsquo;endom\u00e9triose, le t\u00e9moignage de Gwendolyne"},"content":{"rendered":"<p>Diagnostiqu\u00e9e d\u2019endom\u00e9triose en 2020, au moment o\u00f9 mon conjoint et moi essayions de fonder une famille, mon parcours a rapidement pris un tournant particulier. D\u00e9but 2021, j\u2019ai subi une premi\u00e8re op\u00e9ration pour traiter des l\u00e9sions situ\u00e9es sur un ovaire, la vessie, une c\u00f4te, ainsi qu\u2019un important nodule sur le rectum.<\/p>\n<p>&nbsp;<\/p>\n<p>Quelques jours plus tard, une complication a n\u00e9cessit\u00e9 la mise en place d\u2019une colostomie. S\u2019en est suivi un long chemin, rythm\u00e9 par six autres interventions, toutes li\u00e9es \u00e0 cette stomie. Aujourd\u2019hui, elle fait partie de ma vie, de mani\u00e8re d\u00e9finitive.<\/p>\n<p>&nbsp;<\/p>\n<p>Si ce parcours a \u00e9t\u00e9 \u00e9prouvant, il m\u2019a aussi permis de retrouver une meilleure qualit\u00e9 de vie. L\u2019endom\u00e9triose est toujours pr\u00e9sente, mais j\u2019ai appris \u00e0 avancer avec elle. Et surtout, ce chemin m\u2019a men\u00e9e \u00e0 l\u2019essentiel : devenir maman. Gr\u00e2ce \u00e0 la PMA, j\u2019ai eu la chance d\u2019accueillir mon petit gar\u00e7on.<\/p>\n<p>&nbsp;<\/p>\n<p>Aujourd\u2019hui, je m\u00e8ne une vie presque normale, avec un handicap que j\u2019ai finalement accept\u00e9. Rien de tout cela n\u2019aurait \u00e9t\u00e9 possible sans le soutien pr\u00e9cieux de mes proches, pr\u00e9sents \u00e0 chaque \u00e9tape. Alors un grand merci \u00e0 eux.\u00a0\u00bb<\/p>\n<p>&nbsp;<\/p>\n","protected":false},"excerpt":{"rendered":"<p>Diagnostiqu\u00e9e d\u2019endom\u00e9triose en 2020, au moment o\u00f9 mon conjoint et moi essayions de fonder une famille, mon parcours a rapidement pris un tournant particulier. D\u00e9but 2021, j\u2019ai subi une premi\u00e8re&hellip;<\/p>\n","protected":false},"author":1317,"featured_media":20624,"comment_status":"open","ping_status":"open","sticky":false,"template":"","format":"standard","meta":{"_acf_changed":false,"_price":"","_stock":"","_tribe_ticket_header":"","_tribe_default_ticket_provider":"","_tribe_ticket_capacity":"","_ticket_start_date":"","_ticket_end_date":"","_tribe_ticket_show_description":"","_tribe_ticket_show_not_going":false,"_tribe_ticket_use_global_stock":"","_tribe_ticket_global_stock_level":"","_global_stock_mode":"","_global_stock_cap":"","_tribe_rsvp_for_event":"","_tribe_ticket_going_count":"","_tribe_ticket_not_going_count":"","_tribe_tickets_list":"[]","_tribe_ticket_has_attendee_info_fields":false,"footnotes":""},"categories":[21,32],"tags":[],"class_list":["post-20623","post","type-post","status-publish","format-standard","has-post-thumbnail","hentry","category-actualites","category-temoignages"],"acf":[],"yoast_head":"<!-- This site is optimized with the Yoast SEO plugin v27.4 - https:\/\/yoast.com\/product\/yoast-seo-wordpress\/ -->\n<title>Journ\u00e9e mondiale de l&#039;endom\u00e9triose, le t\u00e9moignage de Gwendolyne - Vivre Plus Hollister<\/title>\n<meta name=\"robots\" content=\"index, follow, max-snippet:-1, max-image-preview:large, max-video-preview:-1\" \/>\n<link rel=\"canonical\" href=\"https:\/\/www.vivreplushollister.com\/stomie\/journee-mondiale-de-lendometriose-le-temoignage-de-gwendolyne\/\" \/>\n<meta property=\"og:locale\" content=\"fr_FR\" \/>\n<meta property=\"og:type\" content=\"article\" \/>\n<meta property=\"og:title\" content=\"Journ\u00e9e mondiale de l&#039;endom\u00e9triose, le t\u00e9moignage de Gwendolyne - Vivre Plus Hollister\" \/>\n<meta property=\"og:description\" content=\"Diagnostiqu\u00e9e d\u2019endom\u00e9triose en 2020, au moment o\u00f9 mon conjoint et moi essayions de fonder une famille, mon parcours a rapidement pris un tournant particulier. D\u00e9but 2021, j\u2019ai subi une premi\u00e8re&hellip;\" \/>\n<meta property=\"og:url\" content=\"https:\/\/www.vivreplushollister.com\/stomie\/journee-mondiale-de-lendometriose-le-temoignage-de-gwendolyne\/\" \/>\n<meta property=\"og:site_name\" content=\"Vivre Plus Hollister\" \/>\n<meta property=\"article:published_time\" content=\"2026-03-27T14:54:49+00:00\" \/>\n<meta property=\"og:image\" content=\"https:\/\/www.vivreplushollister.com\/stomie\/wp-content\/uploads\/2026\/03\/20210805_171642.jpg\" \/>\n\t<meta property=\"og:image:width\" content=\"595\" \/>\n\t<meta property=\"og:image:height\" content=\"800\" \/>\n\t<meta property=\"og:image:type\" content=\"image\/jpeg\" \/>\n<meta name=\"author\" content=\"samira.wahib2@hollister.com\" \/>\n<meta name=\"twitter:card\" content=\"summary_large_image\" \/>\n<meta name=\"twitter:label1\" content=\"\u00c9crit par\" \/>\n\t<meta name=\"twitter:data1\" content=\"samira.wahib2@hollister.com\" \/>\n\t<meta name=\"twitter:label2\" content=\"Dur\u00e9e de lecture estim\u00e9e\" \/>\n\t<meta name=\"twitter:data2\" content=\"2 minutes\" \/>\n<script type=\"application\/ld+json\" class=\"yoast-schema-graph\">{\"@context\":\"https:\\\/\\\/schema.org\",\"@graph\":[{\"@type\":\"Article\",\"@id\":\"https:\\\/\\\/www.vivreplushollister.com\\\/stomie\\\/journee-mondiale-de-lendometriose-le-temoignage-de-gwendolyne\\\/#article\",\"isPartOf\":{\"@id\":\"https:\\\/\\\/www.vivreplushollister.com\\\/stomie\\\/journee-mondiale-de-lendometriose-le-temoignage-de-gwendolyne\\\/\"},\"author\":{\"name\":\"samira.wahib2@hollister.com\",\"@id\":\"https:\\\/\\\/www.vivreplushollister.com\\\/stomie\\\/#\\\/schema\\\/person\\\/53f2ecd88806300b666d0fd61e3af039\"},\"headline\":\"Journ\u00e9e mondiale de l&rsquo;endom\u00e9triose, le t\u00e9moignage de Gwendolyne\",\"datePublished\":\"2026-03-27T14:54:49+00:00\",\"mainEntityOfPage\":{\"@id\":\"https:\\\/\\\/www.vivreplushollister.com\\\/stomie\\\/journee-mondiale-de-lendometriose-le-temoignage-de-gwendolyne\\\/\"},\"wordCount\":222,\"commentCount\":0,\"image\":{\"@id\":\"https:\\\/\\\/www.vivreplushollister.com\\\/stomie\\\/journee-mondiale-de-lendometriose-le-temoignage-de-gwendolyne\\\/#primaryimage\"},\"thumbnailUrl\":\"https:\\\/\\\/www.vivreplushollister.com\\\/stomie\\\/wp-content\\\/uploads\\\/2026\\\/03\\\/20210805_171642.jpg\",\"articleSection\":[\"Actualit\u00e9s\",\"T\u00e9moignages\"],\"inLanguage\":\"fr-FR\",\"potentialAction\":[{\"@type\":\"CommentAction\",\"name\":\"Comment\",\"target\":[\"https:\\\/\\\/www.vivreplushollister.com\\\/stomie\\\/journee-mondiale-de-lendometriose-le-temoignage-de-gwendolyne\\\/#respond\"]}]},{\"@type\":\"WebPage\",\"@id\":\"https:\\\/\\\/www.vivreplushollister.com\\\/stomie\\\/journee-mondiale-de-lendometriose-le-temoignage-de-gwendolyne\\\/\",\"url\":\"https:\\\/\\\/www.vivreplushollister.com\\\/stomie\\\/journee-mondiale-de-lendometriose-le-temoignage-de-gwendolyne\\\/\",\"name\":\"Journ\u00e9e mondiale de l'endom\u00e9triose, le t\u00e9moignage de Gwendolyne - Vivre Plus Hollister\",\"isPartOf\":{\"@id\":\"https:\\\/\\\/www.vivreplushollister.com\\\/stomie\\\/#website\"},\"primaryImageOfPage\":{\"@id\":\"https:\\\/\\\/www.vivreplushollister.com\\\/stomie\\\/journee-mondiale-de-lendometriose-le-temoignage-de-gwendolyne\\\/#primaryimage\"},\"image\":{\"@id\":\"https:\\\/\\\/www.vivreplushollister.com\\\/stomie\\\/journee-mondiale-de-lendometriose-le-temoignage-de-gwendolyne\\\/#primaryimage\"},\"thumbnailUrl\":\"https:\\\/\\\/www.vivreplushollister.com\\\/stomie\\\/wp-content\\\/uploads\\\/2026\\\/03\\\/20210805_171642.jpg\",\"datePublished\":\"2026-03-27T14:54:49+00:00\",\"author\":{\"@id\":\"https:\\\/\\\/www.vivreplushollister.com\\\/stomie\\\/#\\\/schema\\\/person\\\/53f2ecd88806300b666d0fd61e3af039\"},\"breadcrumb\":{\"@id\":\"https:\\\/\\\/www.vivreplushollister.com\\\/stomie\\\/journee-mondiale-de-lendometriose-le-temoignage-de-gwendolyne\\\/#breadcrumb\"},\"inLanguage\":\"fr-FR\",\"potentialAction\":[{\"@type\":\"ReadAction\",\"target\":[\"https:\\\/\\\/www.vivreplushollister.com\\\/stomie\\\/journee-mondiale-de-lendometriose-le-temoignage-de-gwendolyne\\\/\"]}]},{\"@type\":\"ImageObject\",\"inLanguage\":\"fr-FR\",\"@id\":\"https:\\\/\\\/www.vivreplushollister.com\\\/stomie\\\/journee-mondiale-de-lendometriose-le-temoignage-de-gwendolyne\\\/#primaryimage\",\"url\":\"https:\\\/\\\/www.vivreplushollister.com\\\/stomie\\\/wp-content\\\/uploads\\\/2026\\\/03\\\/20210805_171642.jpg\",\"contentUrl\":\"https:\\\/\\\/www.vivreplushollister.com\\\/stomie\\\/wp-content\\\/uploads\\\/2026\\\/03\\\/20210805_171642.jpg\",\"width\":595,\"height\":800},{\"@type\":\"BreadcrumbList\",\"@id\":\"https:\\\/\\\/www.vivreplushollister.com\\\/stomie\\\/journee-mondiale-de-lendometriose-le-temoignage-de-gwendolyne\\\/#breadcrumb\",\"itemListElement\":[{\"@type\":\"ListItem\",\"position\":1,\"name\":\"Accueil\",\"item\":\"https:\\\/\\\/www.vivreplushollister.com\\\/stomie\\\/\"},{\"@type\":\"ListItem\",\"position\":2,\"name\":\"Journ\u00e9e mondiale de l&rsquo;endom\u00e9triose, le t\u00e9moignage de Gwendolyne\"}]},{\"@type\":\"WebSite\",\"@id\":\"https:\\\/\\\/www.vivreplushollister.com\\\/stomie\\\/#website\",\"url\":\"https:\\\/\\\/www.vivreplushollister.com\\\/stomie\\\/\",\"name\":\"Vivre Plus Hollister\",\"description\":\"\",\"potentialAction\":[{\"@type\":\"SearchAction\",\"target\":{\"@type\":\"EntryPoint\",\"urlTemplate\":\"https:\\\/\\\/www.vivreplushollister.com\\\/stomie\\\/?s={search_term_string}\"},\"query-input\":{\"@type\":\"PropertyValueSpecification\",\"valueRequired\":true,\"valueName\":\"search_term_string\"}}],\"inLanguage\":\"fr-FR\"},{\"@type\":\"Person\",\"@id\":\"https:\\\/\\\/www.vivreplushollister.com\\\/stomie\\\/#\\\/schema\\\/person\\\/53f2ecd88806300b666d0fd61e3af039\",\"name\":\"samira.wahib2@hollister.com\",\"image\":{\"@type\":\"ImageObject\",\"inLanguage\":\"fr-FR\",\"@id\":\"https:\\\/\\\/secure.gravatar.com\\\/avatar\\\/8b17fb2627f605a05aba1ab80ef24e2a3a906084d739100fa8067c47fe1f078b?s=96&d=mm&r=g\",\"url\":\"https:\\\/\\\/secure.gravatar.com\\\/avatar\\\/8b17fb2627f605a05aba1ab80ef24e2a3a906084d739100fa8067c47fe1f078b?s=96&d=mm&r=g\",\"contentUrl\":\"https:\\\/\\\/secure.gravatar.com\\\/avatar\\\/8b17fb2627f605a05aba1ab80ef24e2a3a906084d739100fa8067c47fe1f078b?s=96&d=mm&r=g\",\"caption\":\"samira.wahib2@hollister.com\"},\"url\":\"https:\\\/\\\/www.vivreplushollister.com\\\/stomie\"}]}<\/script>\n<!-- \/ Yoast SEO plugin. -->","yoast_head_json":{"title":"Journ\u00e9e mondiale de l'endom\u00e9triose, le t\u00e9moignage de Gwendolyne - Vivre Plus Hollister","robots":{"index":"index","follow":"follow","max-snippet":"max-snippet:-1","max-image-preview":"max-image-preview:large","max-video-preview":"max-video-preview:-1"},"canonical":"https:\/\/www.vivreplushollister.com\/stomie\/journee-mondiale-de-lendometriose-le-temoignage-de-gwendolyne\/","og_locale":"fr_FR","og_type":"article","og_title":"Journ\u00e9e mondiale de l'endom\u00e9triose, le t\u00e9moignage de Gwendolyne - Vivre Plus Hollister","og_description":"Diagnostiqu\u00e9e d\u2019endom\u00e9triose en 2020, au moment o\u00f9 mon conjoint et moi essayions de fonder une famille, mon parcours a rapidement pris un tournant particulier. D\u00e9but 2021, j\u2019ai subi une premi\u00e8re&hellip;","og_url":"https:\/\/www.vivreplushollister.com\/stomie\/journee-mondiale-de-lendometriose-le-temoignage-de-gwendolyne\/","og_site_name":"Vivre Plus Hollister","article_published_time":"2026-03-27T14:54:49+00:00","og_image":[{"width":595,"height":800,"url":"https:\/\/www.vivreplushollister.com\/stomie\/wp-content\/uploads\/2026\/03\/20210805_171642.jpg","type":"image\/jpeg"}],"author":"samira.wahib2@hollister.com","twitter_card":"summary_large_image","twitter_misc":{"\u00c9crit par":"samira.wahib2@hollister.com","Dur\u00e9e de lecture estim\u00e9e":"2 minutes"},"schema":{"@context":"https:\/\/schema.org","@graph":[{"@type":"Article","@id":"https:\/\/www.vivreplushollister.com\/stomie\/journee-mondiale-de-lendometriose-le-temoignage-de-gwendolyne\/#article","isPartOf":{"@id":"https:\/\/www.vivreplushollister.com\/stomie\/journee-mondiale-de-lendometriose-le-temoignage-de-gwendolyne\/"},"author":{"name":"samira.wahib2@hollister.com","@id":"https:\/\/www.vivreplushollister.com\/stomie\/#\/schema\/person\/53f2ecd88806300b666d0fd61e3af039"},"headline":"Journ\u00e9e mondiale de l&rsquo;endom\u00e9triose, le t\u00e9moignage de Gwendolyne","datePublished":"2026-03-27T14:54:49+00:00","mainEntityOfPage":{"@id":"https:\/\/www.vivreplushollister.com\/stomie\/journee-mondiale-de-lendometriose-le-temoignage-de-gwendolyne\/"},"wordCount":222,"commentCount":0,"image":{"@id":"https:\/\/www.vivreplushollister.com\/stomie\/journee-mondiale-de-lendometriose-le-temoignage-de-gwendolyne\/#primaryimage"},"thumbnailUrl":"https:\/\/www.vivreplushollister.com\/stomie\/wp-content\/uploads\/2026\/03\/20210805_171642.jpg","articleSection":["Actualit\u00e9s","T\u00e9moignages"],"inLanguage":"fr-FR","potentialAction":[{"@type":"CommentAction","name":"Comment","target":["https:\/\/www.vivreplushollister.com\/stomie\/journee-mondiale-de-lendometriose-le-temoignage-de-gwendolyne\/#respond"]}]},{"@type":"WebPage","@id":"https:\/\/www.vivreplushollister.com\/stomie\/journee-mondiale-de-lendometriose-le-temoignage-de-gwendolyne\/","url":"https:\/\/www.vivreplushollister.com\/stomie\/journee-mondiale-de-lendometriose-le-temoignage-de-gwendolyne\/","name":"Journ\u00e9e mondiale de l'endom\u00e9triose, le t\u00e9moignage de Gwendolyne - Vivre Plus Hollister","isPartOf":{"@id":"https:\/\/www.vivreplushollister.com\/stomie\/#website"},"primaryImageOfPage":{"@id":"https:\/\/www.vivreplushollister.com\/stomie\/journee-mondiale-de-lendometriose-le-temoignage-de-gwendolyne\/#primaryimage"},"image":{"@id":"https:\/\/www.vivreplushollister.com\/stomie\/journee-mondiale-de-lendometriose-le-temoignage-de-gwendolyne\/#primaryimage"},"thumbnailUrl":"https:\/\/www.vivreplushollister.com\/stomie\/wp-content\/uploads\/2026\/03\/20210805_171642.jpg","datePublished":"2026-03-27T14:54:49+00:00","author":{"@id":"https:\/\/www.vivreplushollister.com\/stomie\/#\/schema\/person\/53f2ecd88806300b666d0fd61e3af039"},"breadcrumb":{"@id":"https:\/\/www.vivreplushollister.com\/stomie\/journee-mondiale-de-lendometriose-le-temoignage-de-gwendolyne\/#breadcrumb"},"inLanguage":"fr-FR","potentialAction":[{"@type":"ReadAction","target":["https:\/\/www.vivreplushollister.com\/stomie\/journee-mondiale-de-lendometriose-le-temoignage-de-gwendolyne\/"]}]},{"@type":"ImageObject","inLanguage":"fr-FR","@id":"https:\/\/www.vivreplushollister.com\/stomie\/journee-mondiale-de-lendometriose-le-temoignage-de-gwendolyne\/#primaryimage","url":"https:\/\/www.vivreplushollister.com\/stomie\/wp-content\/uploads\/2026\/03\/20210805_171642.jpg","contentUrl":"https:\/\/www.vivreplushollister.com\/stomie\/wp-content\/uploads\/2026\/03\/20210805_171642.jpg","width":595,"height":800},{"@type":"BreadcrumbList","@id":"https:\/\/www.vivreplushollister.com\/stomie\/journee-mondiale-de-lendometriose-le-temoignage-de-gwendolyne\/#breadcrumb","itemListElement":[{"@type":"ListItem","position":1,"name":"Accueil","item":"https:\/\/www.vivreplushollister.com\/stomie\/"},{"@type":"ListItem","position":2,"name":"Journ\u00e9e mondiale de l&rsquo;endom\u00e9triose, le t\u00e9moignage de Gwendolyne"}]},{"@type":"WebSite","@id":"https:\/\/www.vivreplushollister.com\/stomie\/#website","url":"https:\/\/www.vivreplushollister.com\/stomie\/","name":"Vivre Plus Hollister","description":"","potentialAction":[{"@type":"SearchAction","target":{"@type":"EntryPoint","urlTemplate":"https:\/\/www.vivreplushollister.com\/stomie\/?s={search_term_string}"},"query-input":{"@type":"PropertyValueSpecification","valueRequired":true,"valueName":"search_term_string"}}],"inLanguage":"fr-FR"},{"@type":"Person","@id":"https:\/\/www.vivreplushollister.com\/stomie\/#\/schema\/person\/53f2ecd88806300b666d0fd61e3af039","name":"samira.wahib2@hollister.com","image":{"@type":"ImageObject","inLanguage":"fr-FR","@id":"https:\/\/secure.gravatar.com\/avatar\/8b17fb2627f605a05aba1ab80ef24e2a3a906084d739100fa8067c47fe1f078b?s=96&d=mm&r=g","url":"https:\/\/secure.gravatar.com\/avatar\/8b17fb2627f605a05aba1ab80ef24e2a3a906084d739100fa8067c47fe1f078b?s=96&d=mm&r=g","contentUrl":"https:\/\/secure.gravatar.com\/avatar\/8b17fb2627f605a05aba1ab80ef24e2a3a906084d739100fa8067c47fe1f078b?s=96&d=mm&r=g","caption":"samira.wahib2@hollister.com"},"url":"https:\/\/www.vivreplushollister.com\/stomie"}]}},"_links":{"self":[{"href":"https:\/\/www.vivreplushollister.com\/stomie\/wp-json\/wp\/v2\/posts\/20623","targetHints":{"allow":["GET"]}}],"collection":[{"href":"https:\/\/www.vivreplushollister.com\/stomie\/wp-json\/wp\/v2\/posts"}],"about":[{"href":"https:\/\/www.vivreplushollister.com\/stomie\/wp-json\/wp\/v2\/types\/post"}],"author":[{"embeddable":true,"href":"https:\/\/www.vivreplushollister.com\/stomie\/wp-json\/wp\/v2\/users\/1317"}],"replies":[{"embeddable":true,"href":"https:\/\/www.vivreplushollister.com\/stomie\/wp-json\/wp\/v2\/comments?post=20623"}],"version-history":[{"count":1,"href":"https:\/\/www.vivreplushollister.com\/stomie\/wp-json\/wp\/v2\/posts\/20623\/revisions"}],"predecessor-version":[{"id":20625,"href":"https:\/\/www.vivreplushollister.com\/stomie\/wp-json\/wp\/v2\/posts\/20623\/revisions\/20625"}],"wp:featuredmedia":[{"embeddable":true,"href":"https:\/\/www.vivreplushollister.com\/stomie\/wp-json\/wp\/v2\/media\/20624"}],"wp:attachment":[{"href":"https:\/\/www.vivreplushollister.com\/stomie\/wp-json\/wp\/v2\/media?parent=20623"}],"wp:term":[{"taxonomy":"category","embeddable":true,"href":"https:\/\/www.vivreplushollister.com\/stomie\/wp-json\/wp\/v2\/categories?post=20623"},{"taxonomy":"post_tag","embeddable":true,"href":"https:\/\/www.vivreplushollister.com\/stomie\/wp-json\/wp\/v2\/tags?post=20623"}],"curies":[{"name":"wp","href":"https:\/\/api.w.org\/{rel}","templated":true}]}}